{"projetos":[{"id":57,"ordem":0,"capa":"COMP_whatsapp-image-2022-10-10-at-71511-pm_20221010221550wZ4iELDIVi.jpeg","slug_pt":"casa-ml-2","slug_en":null,"slug_es":null,"titulo_pt":"CASA  ML","titulo_en":null,"titulo_es":null,"localizacao_pt":"ITU - SP","localizacao_en":null,"localizacao_es":null,"descritivo_pt":"<p>&nbsp;TERRAS DE S\u00c3O JOS\u00c9<\/p><p>FOT\u00d3GRAFO JO\u00c3O PAULO&nbsp;<\/p>","descritivo_en":null,"descritivo_es":null,"cor_texto":"#FFF","created_at":"2022-10-10T22:15:53.000000Z","updated_at":"2022-10-10T22:15:53.000000Z"},{"id":55,"ordem":0,"capa":"COMP_rp-marina-2022-8840-hdr-2-editar_20221010215258bVwOTDMnpV.jpg","slug_pt":"casa-en-2","slug_en":null,"slug_es":null,"titulo_pt":"CASA EN","titulo_en":null,"titulo_es":null,"localizacao_pt":"GUARUJ\u00c1 - SP","localizacao_en":null,"localizacao_es":null,"descritivo_pt":"<p>FOT\u00d3GRAFO JO\u00c3O PAULO OLIVEIRA<\/p>","descritivo_en":null,"descritivo_es":null,"cor_texto":"#FFF","created_at":"2022-10-10T21:53:07.000000Z","updated_at":"2022-10-10T22:36:01.000000Z"},{"id":54,"ordem":0,"capa":"COMP_rogma-132_202210102133413Ff6nDotw5.jpg","slug_pt":"casa-mg","slug_en":null,"slug_es":null,"titulo_pt":"CASA MG","titulo_en":null,"titulo_es":null,"localizacao_pt":"GUARUJ\u00c1 - SP","localizacao_en":null,"localizacao_es":null,"descritivo_pt":"<p>FOT\u00d3GRAFO JO\u00c3O PAULO OLIVEIRA<\/p>","descritivo_en":null,"descritivo_es":null,"cor_texto":"#FFF","created_at":"2022-10-10T21:33:49.000000Z","updated_at":"2022-10-10T21:33:49.000000Z"},{"id":17,"ordem":1,"capa":"COMP_rp-tambore2-135-hdr_20220804201244VXlpJT5rtb.jpg","slug_pt":"casa-am1","slug_en":null,"slug_es":null,"titulo_pt":"CASA AM1","titulo_en":null,"titulo_es":null,"localizacao_pt":"ALPHAVILLE - SP","localizacao_en":"ALPHAVILLE - SP","localizacao_es":"ALPHAVILLE - SP","descritivo_pt":"<p>FOT\u00d3GRAFO JO\u00c3O PAULO OLIVEIRA<\/p>","descritivo_en":null,"descritivo_es":null,"cor_texto":"#FFF","created_at":"2022-01-27T21:52:32.000000Z","updated_at":"2022-08-04T20:12:55.000000Z"},{"id":52,"ordem":2,"capa":"COMP_rp-tambore2-571-hdr_20220804201324cJfBsdyIU5.jpg","slug_pt":"casa-am2","slug_en":null,"slug_es":null,"titulo_pt":"CASA AM2","titulo_en":null,"titulo_es":null,"localizacao_pt":"ALPHAVILLE \u2013 SP","localizacao_en":"ALPHAVILLE \u2013 SP","localizacao_es":"ALPHAVILLE \u2013 SP","descritivo_pt":"<p>FOT\u00d3GRAFO JO\u00c3O PAULO OLIVEIRA&nbsp;<\/p>","descritivo_en":null,"descritivo_es":null,"cor_texto":"#FFF","created_at":"2022-01-31T19:25:41.000000Z","updated_at":"2022-08-04T20:14:03.000000Z"},{"id":51,"ordem":3,"capa":"COMP_rpz-artefactob-c-042-hdr_20220804201627Sx4bUF7F0j.jpg","slug_pt":"mostra-artefacto-b-c-2020","slug_en":null,"slug_es":null,"titulo_pt":"MOSTRA ARTEFACTO B&C 2020","titulo_en":null,"titulo_es":null,"localizacao_pt":"S\u00c3O PAULO - SP","localizacao_en":"S\u00c3O PAULO - SP","localizacao_es":"S\u00c3O PAULO - SP","descritivo_pt":"<p>FOT\u00d3GRAFO JO\u00c3O PAULO OLIVEIRA&nbsp;<\/p>","descritivo_en":null,"descritivo_es":null,"cor_texto":"#FFF","created_at":"2022-01-31T18:41:58.000000Z","updated_at":"2022-08-04T20:17:17.000000Z"},{"id":49,"ordem":5,"capa":"COMP_rogerioperez-artefacto-082_20220804201942HnDZhXDa0d.jpg","slug_pt":"mostra-artefacto-b-c-2021","slug_en":null,"slug_es":null,"titulo_pt":"MOSTRA ARTEFACTO B&C 2021","titulo_en":null,"titulo_es":null,"localizacao_pt":"S\u00c3O PAULO - SP","localizacao_en":"S\u00c3O PAULO - SP","localizacao_es":"S\u00c3O PAULO - SP","descritivo_pt":"<p>FOT\u00d3GRAFO JO\u00c3O PAULO OLIVEIRA&nbsp;<\/p>","descritivo_en":null,"descritivo_es":null,"cor_texto":"#FFF","created_at":"2022-01-31T18:10:53.000000Z","updated_at":"2022-08-04T20:19:50.000000Z"},{"id":47,"ordem":7,"capa":"COMP_rp-mostra-070-hdr_20220804202203pnOcrltbn5.jpg","slug_pt":"mostra-artefacto-haddock-lobo-2019","slug_en":null,"slug_es":null,"titulo_pt":"MOSTRA ARTEFACTO HADDOCK LOBO 2019","titulo_en":null,"titulo_es":null,"localizacao_pt":"S\u00c3O PAULO - SP","localizacao_en":"S\u00c3O PAULO - SP","localizacao_es":"S\u00c3O PAULO - SP","descritivo_pt":"<p>FOT\u00d3GRAFO JO\u00c3O PAULO OLIVEIRA<\/p>","descritivo_en":null,"descritivo_es":null,"cor_texto":"#FFF","created_at":"2022-01-31T17:16:29.000000Z","updated_at":"2022-08-04T20:22:15.000000Z"},{"id":46,"ordem":8,"capa":"COMP_rp-artefactohl-073-hdr-editar_20220804202307dZySxgCxOc.jpg","slug_pt":"mostra-artefacto-haddock-lobo-2020","slug_en":null,"slug_es":null,"titulo_pt":"MOSTRA ARTEFACTO HADDOCK LOBO 2020","titulo_en":null,"titulo_es":null,"localizacao_pt":"S\u00c3O PAULO - SP","localizacao_en":"S\u00c3O PAULO - SP","localizacao_es":"S\u00c3O PAULO - SP","descritivo_pt":"<p>FOT\u00d3GRAFO JO\u00c3O PAULO OLIVEIRA<\/p>","descritivo_en":null,"descritivo_es":null,"cor_texto":"#FFF","created_at":"2022-01-31T16:46:36.000000Z","updated_at":"2022-08-04T20:23:16.000000Z"},{"id":15,"ordem":9,"capa":"COMP_cadat-53_20220805144419Cc8U6wY5k2.jpg","slug_pt":"apto-dc","slug_en":"texto-titulo","slug_es":"texto-titulo","titulo_pt":"APTO DC","titulo_en":"texto t\u00edtulo","titulo_es":"texto t\u00edtulo","localizacao_pt":"VILA NOVA CONCEI\u00c7\u00c3O - SP","localizacao_en":"VILA NOVA CONCEI\u00c7\u00c3O - SP","localizacao_es":"VILA NOVA CONCEI\u00c7\u00c3O - SP","descritivo_pt":"<p>&nbsp;FOT\u00d3GRAFO JO\u00c3O PAULO OLIVEIRA<\/p>","descritivo_en":"<p>teste<\/p>","descritivo_es":"<p>teste<\/p>","cor_texto":"#FFF","created_at":"2022-01-27T17:35:56.000000Z","updated_at":"2022-08-05T14:44:28.000000Z"},{"id":45,"ordem":10,"capa":"COMP_rp-itu2-006-hdr-editar_20220131163536kYIy7f7Pam.jpg","slug_pt":"casa-cr","slug_en":null,"slug_es":null,"titulo_pt":"CASA CR","titulo_en":null,"titulo_es":null,"localizacao_pt":"ITU \u2013 SP","localizacao_en":"ITU \u2013 SP","localizacao_es":"ITU \u2013 SP","descritivo_pt":"<p>FOT\u00d3GRAFO JO\u00c3O PAULO OLIVEIRA&nbsp;<\/p>","descritivo_en":null,"descritivo_es":null,"cor_texto":"#FFF","created_at":"2022-01-31T16:35:45.000000Z","updated_at":"2022-01-31T16:35:45.000000Z"},{"id":44,"ordem":11,"capa":"COMP_rp-itu-244-hdr_20220804202942aDUDOKPoyM.jpg","slug_pt":"casa-cm","slug_en":null,"slug_es":null,"titulo_pt":"CASA CM","titulo_en":null,"titulo_es":null,"localizacao_pt":"ITU - S\u00c3O PAULO","localizacao_en":"ITU - S\u00c3O PAULO","localizacao_es":"ITU - S\u00c3O PAULO","descritivo_pt":"<p>FOT\u00d3GRAFO JO\u00c3O PAULO OLIVEIRA&nbsp;<\/p>","descritivo_en":null,"descritivo_es":null,"cor_texto":"#FFF","created_at":"2022-01-31T16:00:24.000000Z","updated_at":"2022-08-04T20:29:52.000000Z"},{"id":43,"ordem":12,"capa":"COMP_rp-tambore3-233-hdr-editar_20220804203053Tp1bOHUdUr.jpg","slug_pt":"casa-fc","slug_en":null,"slug_es":null,"titulo_pt":"CASA FC","titulo_en":null,"titulo_es":null,"localizacao_pt":"ALPHAVILLE - SP","localizacao_en":"ALPHAVILLE - SP","localizacao_es":"ALPHAVILLE - SP","descritivo_pt":"<p>FOT\u00d3GRAFO JO\u00c3O PAULO OLIVEIRA&nbsp;<\/p>","descritivo_en":null,"descritivo_es":null,"cor_texto":"#FFF","created_at":"2022-01-31T15:32:02.000000Z","updated_at":"2022-08-04T20:31:39.000000Z"},{"id":42,"ordem":13,"capa":"COMP_hmriv-53_20220804203223LLMuUHjdip.jpg","slug_pt":"casa-hm","slug_en":null,"slug_es":null,"titulo_pt":"CASA HM","titulo_en":null,"titulo_es":null,"localizacao_pt":"RIVIERA DE S\u00c3O LOUREN\u00c7O - SP","localizacao_en":"RIVIERA DE S\u00c3O LOUREN\u00c7O - SP","localizacao_es":"RIVIERA DE S\u00c3O LOUREN\u00c7O - SP","descritivo_pt":"<p>FOT\u00d3GRAFO JO\u00c3O PAULO OLIVEIRA&nbsp;<\/p>","descritivo_en":null,"descritivo_es":null,"cor_texto":"#FFF","created_at":"2022-01-31T15:20:05.000000Z","updated_at":"2022-08-04T20:32:33.000000Z"},{"id":40,"ordem":14,"capa":"COMP_rp-riviera-1157-hdr_20220804203443vIr5u7w6ii.jpg","slug_pt":"casa-gk","slug_en":null,"slug_es":null,"titulo_pt":"CASA GK","titulo_en":null,"titulo_es":null,"localizacao_pt":"RIVIERA DE S\u00c3O LOUREN\u00c7O - SP","localizacao_en":"RIVIERA DE S\u00c3O LOUREN\u00c7O - SP","localizacao_es":"RIVIERA DE S\u00c3O LOUREN\u00c7O - SP","descritivo_pt":"<p>FOT\u00d3GRAFO JO\u00c3O PAULO OLIVEIRA&nbsp;<\/p>","descritivo_en":null,"descritivo_es":null,"cor_texto":"#FFF","created_at":"2022-01-31T14:52:13.000000Z","updated_at":"2022-08-04T20:34:53.000000Z"},{"id":39,"ordem":15,"capa":"COMP_alphaville-rp-0003_20220804203636iekd4KABZw.jpg","slug_pt":"casa-km","slug_en":null,"slug_es":null,"titulo_pt":"CASA KM","titulo_en":null,"titulo_es":null,"localizacao_pt":"ALPHAVILLE - SP","localizacao_en":"ALPHAVILLE - SP","localizacao_es":"ALPHAVILLE - SP","descritivo_pt":"<p>FOT\u00d3GRAFO JO\u00c3O PAULO OLIVEIRA&nbsp;<\/p>","descritivo_en":null,"descritivo_es":null,"cor_texto":"#FFF","created_at":"2022-01-31T14:21:56.000000Z","updated_at":"2022-08-04T20:36:47.000000Z"},{"id":37,"ordem":16,"capa":"COMP_orteg-5_20220131133746O2mwuJr0b7.jpg","slug_pt":"casa-ln","slug_en":null,"slug_es":null,"titulo_pt":"CASA LN","titulo_en":null,"titulo_es":null,"localizacao_pt":"LITORAL NORTE - SP","localizacao_en":"LITORAL NORTE - SP","localizacao_es":"LITORAL NORTE - SP","descritivo_pt":"<p>FOT\u00d3GRAFO JO\u00c3O PAULO OLIVEIRA<\/p>","descritivo_en":null,"descritivo_es":null,"cor_texto":"#FFF","created_at":"2022-01-31T13:37:58.000000Z","updated_at":"2022-01-31T19:37:25.000000Z"},{"id":35,"ordem":17,"capa":"COMP_rpz-marina-912-hdr_20220804204401MUTvbzWa6T.jpg","slug_pt":"casa-ps","slug_en":null,"slug_es":null,"titulo_pt":"CASA PS","titulo_en":null,"titulo_es":null,"localizacao_pt":"GUARUJ\u00c1 - SP","localizacao_en":"GUARUJ\u00c1 - SP","localizacao_es":"GUARUJ\u00c1 - SP","descritivo_pt":"<p>FOT\u00d3GRAFO JO\u00c3O PAULO OLIVEIRA&nbsp;<\/p>","descritivo_en":null,"descritivo_es":null,"cor_texto":"#FFF","created_at":"2022-01-28T22:13:26.000000Z","updated_at":"2022-08-04T20:44:11.000000Z"},{"id":34,"ordem":18,"capa":"COMP_rp-guaruja-37_20220804204504SN0iGvyuEA.jpg","slug_pt":"casa-ro","slug_en":null,"slug_es":null,"titulo_pt":"CASA RO","titulo_en":null,"titulo_es":null,"localizacao_pt":"GUARUJ\u00c1 - SP","localizacao_en":"GUARUJ\u00c1 - SP","localizacao_es":"GUARUJ\u00c1 - SP","descritivo_pt":"<p>&nbsp;FOT\u00d3GRAFO JO\u00c3O PAULO OLIVEIRA&nbsp;<\/p>","descritivo_en":null,"descritivo_es":null,"cor_texto":"#FFF","created_at":"2022-01-28T21:57:59.000000Z","updated_at":"2022-08-04T20:45:17.000000Z"},{"id":33,"ordem":19,"capa":"COMP_rofar-35_20220128202044rIxZ260qX3.jpg","slug_pt":"casa-rv","slug_en":null,"slug_es":null,"titulo_pt":"CASA RV","titulo_en":null,"titulo_es":null,"localizacao_pt":"ALPHAVILLE - SP","localizacao_en":"ALPHAVILLE - SP","localizacao_es":"ALPHAVILLE - SP","descritivo_pt":"<p>FOT\u00d3GRAFO JO\u00c3O PAULO OLIVEIRA&nbsp;<\/p>","descritivo_en":null,"descritivo_es":null,"cor_texto":"#FFF","created_at":"2022-01-28T20:20:54.000000Z","updated_at":"2022-01-31T19:40:48.000000Z"},{"id":32,"ordem":20,"capa":"COMP_rogab-97_202208042046153Bj3Pp5axG.jpg","slug_pt":"casa-rg","slug_en":null,"slug_es":null,"titulo_pt":"CASA RG","titulo_en":null,"titulo_es":null,"localizacao_pt":"S\u00c3O CAETANO DO SUL - SP","localizacao_en":"S\u00c3O CAETANO DO SUL - SP","localizacao_es":"S\u00c3O CAETANO DO SUL - SP","descritivo_pt":"<p>FOT\u00d3GRAFO JO\u00c3O PAULO OLIVEIRA&nbsp;<\/p>","descritivo_en":null,"descritivo_es":null,"cor_texto":"#FFF","created_at":"2022-01-28T20:02:46.000000Z","updated_at":"2022-08-04T20:46:26.000000Z"},{"id":31,"ordem":21,"capa":"COMP_rp-santa-269-editar_202208042047553JpOGfPDrg.jpg","slug_pt":"casa-se-fazenda-da-grama","slug_en":null,"slug_es":null,"titulo_pt":"CASA SE \u2013 FAZENDA DA GRAMA","titulo_en":null,"titulo_es":null,"localizacao_pt":"S\u00c3O PAULO - SP","localizacao_en":"S\u00c3O PAULO - SP","localizacao_es":"S\u00c3O PAULO - SP","descritivo_pt":"<p>FOT\u00d3GRAFO JO\u00c3O PAULO OLIVEIRA&nbsp;<\/p>","descritivo_en":null,"descritivo_es":null,"cor_texto":"#FFF","created_at":"2022-01-28T19:45:06.000000Z","updated_at":"2022-08-04T20:48:01.000000Z"},{"id":14,"ordem":22,"capa":"COMP_demarchi-27_2022080420494156tsAd7ES1.jpg","slug_pt":"apartamento-vl","slug_en":"projeto-teste-en","slug_es":"projeto-teste-es","titulo_pt":"APARTAMENTO VL","titulo_en":"Projeto Teste EN","titulo_es":"Projeto Teste ES","localizacao_pt":"VILA NOVA CONCEI\u00c7\u00c3O - SP","localizacao_en":"S\u00e3o Paulo - SP VILA NOVA CONCEI\u00c7\u00c3O - SP","localizacao_es":"VILA NOVA CONCEI\u00c7\u00c3O - SP","descritivo_pt":"<p>FOT\u00d3GRAFO JO\u00c3O PAULO OLIVEIRA<\/p>","descritivo_en":"<p>*inserir texto*<\/p>","descritivo_es":"<p>*inserir texto*<\/p>","cor_texto":"#FFF","created_at":"2021-12-16T21:15:31.000000Z","updated_at":"2022-08-04T20:49:52.000000Z"},{"id":16,"ordem":23,"capa":"COMP_img-4544-1_20220804205145bT8Ha3fV5I.jpg","slug_pt":"casa-ac","slug_en":null,"slug_es":null,"titulo_pt":"CASA AC","titulo_en":null,"titulo_es":null,"localizacao_pt":"GUARUJ\u00c1 - SP","localizacao_en":"GUARUJ\u00c1 - SP","localizacao_es":"GUARUJ\u00c1 - SP","descritivo_pt":"<p>FOT\u00d3GRAFA MARIANA ORSI<\/p>","descritivo_en":null,"descritivo_es":null,"cor_texto":"#FFF","created_at":"2022-01-27T21:47:35.000000Z","updated_at":"2022-08-04T20:52:25.000000Z"},{"id":30,"ordem":24,"capa":"COMP_02-piscina-img-4424-1_20220804205321rbWxtiUrAS.jpg","slug_pt":"casa-ar","slug_en":null,"slug_es":null,"titulo_pt":"CASA AR","titulo_en":null,"titulo_es":null,"localizacao_pt":"GUARUJ\u00c1 - SP","localizacao_en":"GUARUJ\u00c1 - SP","localizacao_es":"GUARUJ\u00c1 - SP","descritivo_pt":"<p>FOT\u00d3GRAFA MARIANA ORSI<\/p>","descritivo_en":null,"descritivo_es":null,"cor_texto":"#FFF","created_at":"2022-01-28T19:38:26.000000Z","updated_at":"2022-08-04T20:54:03.000000Z"},{"id":29,"ordem":25,"capa":"COMP_baleia099bx_20220804205503v2Txdj5L0o.jpg","slug_pt":"condominio-ambara","slug_en":null,"slug_es":null,"titulo_pt":"CONDOM\u00cdNIO AMBARA","titulo_en":null,"titulo_es":null,"localizacao_pt":"PRAIA DA BALEIA - SP","localizacao_en":"PRAIA DA BALEIA - SP","localizacao_es":"PRAIA DA BALEIA - SP","descritivo_pt":"<p>FOT\u00d3GRAFA EVELYN MULLER&nbsp;<\/p>","descritivo_en":null,"descritivo_es":null,"cor_texto":"#FFF","created_at":"2022-01-28T19:24:11.000000Z","updated_at":"2022-08-04T20:55:09.000000Z"},{"id":28,"ordem":26,"capa":"COMP_sth-1719_20220804211452Dpwn7HkaXD.jpg","slug_pt":"casa-en","slug_en":null,"slug_es":null,"titulo_pt":"CASA EN","titulo_en":null,"titulo_es":null,"localizacao_pt":"GUARUJ\u00c1 - SP","localizacao_en":"GUARUJ\u00c1 - SP","localizacao_es":"GUARUJ\u00c1 - SP","descritivo_pt":"<p>FOT\u00d3GRAFO THIAGO HENRIQUE<\/p>","descritivo_en":null,"descritivo_es":null,"cor_texto":"#000","created_at":"2022-01-28T19:08:53.000000Z","updated_at":"2022-08-04T21:15:30.000000Z"},{"id":27,"ordem":27,"capa":"COMP_acapulco44_2022012819032383vuauZAWh.jpg","slug_pt":"casa-gi","slug_en":null,"slug_es":null,"titulo_pt":"CASA GI","titulo_en":null,"titulo_es":null,"localizacao_pt":"GUARUJ\u00c1 - SP","localizacao_en":"GUARUJ\u00c1 - SP","localizacao_es":"GUARUJ\u00c1 - SP","descritivo_pt":"<p>FOT\u00d3GRAFA EVELYN MULLER<\/p>","descritivo_en":null,"descritivo_es":null,"cor_texto":"#FFF","created_at":"2022-01-28T19:03:33.000000Z","updated_at":"2022-01-31T19:39:19.000000Z"},{"id":26,"ordem":28,"capa":"COMP_d-d-invernoemcasa-rogerioperez-rafaelrenzo-56_20220804205550AZ1DIYCdwt.jpg","slug_pt":"mostra-inverno-d-d-2021","slug_en":null,"slug_es":null,"titulo_pt":"MOSTRA INVERNO D&D 2021","titulo_en":null,"titulo_es":null,"localizacao_pt":"S\u00c3O PAULO - SP","localizacao_en":"S\u00c3O PAULO - SP","localizacao_es":"S\u00c3O PAULO - SP","descritivo_pt":"<p>FOT\u00d3GRAFO RAFAEL RENZO&nbsp;<\/p>","descritivo_en":null,"descritivo_es":null,"cor_texto":"#000","created_at":"2022-01-28T18:58:34.000000Z","updated_at":"2022-08-04T20:56:00.000000Z"},{"id":25,"ordem":29,"capa":"COMP_riviera-de-sao-lourenco13_20220804205725l0WpPlCZii.jpg","slug_pt":"casa-ju","slug_en":null,"slug_es":null,"titulo_pt":"CASA JU\u00a0","titulo_en":null,"titulo_es":null,"localizacao_pt":"RIVIERA DE S\u00c3O LOUREN\u00c7O - SP","localizacao_en":"RIVIERA DE S\u00c3O LOUREN\u00c7O - SP","localizacao_es":"RIVIERA DE S\u00c3O LOUREN\u00c7O - SP","descritivo_pt":"<p>FOT\u00d3GRAFO SIDNEY BLOCH<\/p>","descritivo_en":null,"descritivo_es":null,"cor_texto":"#FFF","created_at":"2022-01-28T18:44:23.000000Z","updated_at":"2022-08-04T20:58:12.000000Z"},{"id":24,"ordem":30,"capa":"COMP_guaruja003_20220804210823Gs76gNUEfT.jpg","slug_pt":"casa-mr","slug_en":null,"slug_es":null,"titulo_pt":"CASA MR","titulo_en":null,"titulo_es":null,"localizacao_pt":"GUARUJ\u00c1 - SP","localizacao_en":"GUARUJ\u00c1 - SP","localizacao_es":"GUARUJ\u00c1 - SP","descritivo_pt":"<p>FOT\u00d3GRAFA EVELYN MULLER&nbsp;<\/p>","descritivo_en":null,"descritivo_es":null,"cor_texto":"#FFF","created_at":"2022-01-28T18:32:08.000000Z","updated_at":"2022-08-04T21:08:58.000000Z"},{"id":23,"ordem":31,"capa":"COMP_02-piscina-img-4473-1_20220804211114luchBeYI0S.jpg","slug_pt":"casa-ml","slug_en":null,"slug_es":null,"titulo_pt":"CASA ML","titulo_en":null,"titulo_es":null,"localizacao_pt":"GUARUJ\u00c1 - SP","localizacao_en":"GUARUJ\u00c1 - SP","localizacao_es":"GUARUJ\u00c1 - SP","descritivo_pt":"<p>FOT\u00d3GRAFA MARIANA ORSI&nbsp;<\/p>","descritivo_en":null,"descritivo_es":null,"cor_texto":"#FFF","created_at":"2022-01-28T18:27:20.000000Z","updated_at":"2022-08-04T21:11:56.000000Z"},{"id":22,"ordem":32,"capa":"COMP_sth-1215_20220128182218JC9OrrSb7k.jpg","slug_pt":"casa-pb","slug_en":null,"slug_es":null,"titulo_pt":"CASA PB","titulo_en":null,"titulo_es":null,"localizacao_pt":"ITU - SP","localizacao_en":"ITU - SP","localizacao_es":"ITU - SP","descritivo_pt":"<p>FOT\u00d3GRAFO THIAGO HENRIQUE&nbsp;<\/p>","descritivo_en":null,"descritivo_es":null,"cor_texto":"#FFF","created_at":"2022-01-28T18:22:26.000000Z","updated_at":"2022-01-31T19:43:58.000000Z"},{"id":21,"ordem":33,"capa":"COMP_sth-1703_20220128181503EiGzVRFZad.jpg","slug_pt":"casa-ra","slug_en":null,"slug_es":null,"titulo_pt":"CASA RA","titulo_en":null,"titulo_es":null,"localizacao_pt":"JUNDIA\u00cd - SP","localizacao_en":"JUNDIA\u00cd - SP","localizacao_es":"JUNDIA\u00cd - SP","descritivo_pt":"<p>FOT\u00d3GRAFO THIAGO HENRIQUE&nbsp;<\/p>","descritivo_en":null,"descritivo_es":null,"cor_texto":"#FFF","created_at":"2022-01-28T18:15:12.000000Z","updated_at":"2022-01-31T19:44:21.000000Z"},{"id":20,"ordem":34,"capa":"COMP_01-fachada-img-4269-1_20220128180626jomf2zPkoS.jpg","slug_pt":"casa-sh","slug_en":null,"slug_es":null,"titulo_pt":"CASA SH","titulo_en":null,"titulo_es":null,"localizacao_pt":"GUARUJ\u00c1 - SP","localizacao_en":"GUARUJ\u00c1 - SP","localizacao_es":"GUARUJ\u00c1 - SP","descritivo_pt":"<p>FOT\u00d3GRAFA MARIANA ORSI&nbsp;<\/p>","descritivo_en":null,"descritivo_es":null,"cor_texto":"#FFF","created_at":"2022-01-28T18:06:40.000000Z","updated_at":"2022-01-31T19:40:11.000000Z"},{"id":19,"ordem":35,"capa":"COMP_william13_20220804211856SgjclcCUps.jpg","slug_pt":"casa-ws","slug_en":null,"slug_es":null,"titulo_pt":"CASA WS","titulo_en":null,"titulo_es":null,"localizacao_pt":"ITU - SP","localizacao_en":"ITU - SP","localizacao_es":"ITU - SP","descritivo_pt":"<p>FOT\u00d3GRAFA EVELYN MULLER<\/p>","descritivo_en":null,"descritivo_es":null,"cor_texto":"#FFF","created_at":"2022-01-28T18:01:37.000000Z","updated_at":"2022-08-04T21:19:45.000000Z"}]}